{"id":17853,"date":"2025-06-24T14:30:37","date_gmt":"2025-06-24T12:30:37","guid":{"rendered":"https:\/\/riasberlin.org\/?p=17853"},"modified":"2025-08-22T15:56:24","modified_gmt":"2025-08-22T13:56:24","slug":"eindrucke-amerikanischer-journalismusstudenten-nach-ihrem-dreiwochigen-stipendium-in-deutschland","status":"publish","type":"post","link":"https:\/\/riasberlin.org\/de\/impressions-of-american-journalism-students-after-their-3-week-fellowship-to-germany\/","title":{"rendered":"Amerikanische Studierende der Journalistik berichten von ihrem dreiw\u00f6chigen Austauschprogramm in Deutschland (Berlin, Dresden, Hamburg und mehr)"},"content":{"rendered":"<div data-elementor-type=\"wp-post\" data-elementor-id=\"17853\" class=\"elementor elementor-17853\" data-elementor-post-type=\"post\">\n\t\t\t\t<div data-particle_enable=\"false\" data-particle-mobile-disabled=\"false\" class=\"elementor-element elementor-element-41afbc39 e-flex e-con-boxed e-con e-parent\" data-id=\"41afbc39\" data-element_type=\"container\" data-e-type=\"container\" data-settings=\"{&quot;jet_parallax_layout_list&quot;:[]}\">\n\t\t\t\t\t<div class=\"e-con-inner\">\n\t\t\t\t<div class=\"elementor-element elementor-element-c922307 elementor-widget elementor-widget-text-editor\" data-id=\"c922307\" data-element_type=\"widget\" data-e-type=\"widget\" data-widget_type=\"text-editor.default\">\n\t\t\t\t<div class=\"elementor-widget-container\">\n\t\t\t\t\t\t\t\t\t<p>Hier sind die Erfahrungen von 11 amerikanischen Studierenden der Journalistik w\u00e4hrend eines dreiw\u00f6chigen Austauschprogramms der RIAS Berlin Kommission in Deutschland. Von Berlin bis Hamburg geben sie einzigartige Einblicke in die Journalistenausbildung, den kulturellen Austausch und den Aufbau von Kontakten zu deutschen Journalisten und Studierenden.\u00a0<\/p><p class=\"x_MsoNormal translation-block\"><i>Das Projekt wird durch das Transatlantik-Programm der Bundesrepublik Deutschland aus Mitteln des European Recovery Program (ERP) des Bundesministeriums f\u00fcr Wirtschaft und Energie (BMWE) gef\u00f6rdert.<\/i><\/p>\t\t\t\t\t\t\t\t<\/div>\n\t\t\t\t<\/div>\n\t\t\t\t<div class=\"elementor-element elementor-element-ca271d0 elementor-position-left elementor-vertical-align-top elementor-widget elementor-widget-global elementor-global-18342 elementor-widget-image-box\" data-id=\"ca271d0\" data-element_type=\"widget\" data-e-type=\"widget\" data-widget_type=\"image-box.default\">\n\t\t\t\t<div class=\"elementor-widget-container\">\n\t\t\t\t\t<div class=\"elementor-image-box-wrapper\"><figure class=\"elementor-image-box-img\"><img fetchpriority=\"high\" decoding=\"async\" width=\"278\" height=\"354\" src=\"https:\/\/riasberlin.org\/wp-content\/uploads\/2025\/08\/Hallum.jpg\" class=\"attachment-full size-full wp-image-17878\" alt=\"Hallum\" srcset=\"https:\/\/riasberlin.org\/wp-content\/uploads\/2025\/08\/Hallum.jpg 278w, https:\/\/riasberlin.org\/wp-content\/uploads\/2025\/08\/Hallum-79x100.jpg 79w, https:\/\/riasberlin.org\/wp-content\/uploads\/2025\/08\/Hallum-9x12.jpg 9w\" sizes=\"(max-width: 278px) 100vw, 278px\" \/><\/figure><div class=\"elementor-image-box-content\"><h3 class=\"elementor-image-box-title\">Katie Hallum, University of Oklahoma, Norman, Oklahoma<\/h3><p class=\"elementor-image-box-description\">Ich dr\u00e4nge mich in die \u00fcberf\u00fcllte und unertr\u00e4glich warme U-Bahn und tupfe mir den Schwei\u00df von der Stirn, als ein j\u00fcngerer Mann auf meinen Koffer zeigt und mich fragt, woher ich komme. \u201eAus den USA\u201c, antworte ich mit einem L\u00e4cheln. \u201eIch bin Journalistin.\u201c Er strahlt. \u201eWie wichtig\u201c, antwortet er. Seine Reaktion auf meinen Beruf ist hier in Deutschland nicht ungew\u00f6hnlich, eine Tatsache, die ich nur schwer begreifen kann, w\u00e4hrend wir den Osten des Landes bereisen. Noch schwieriger ist es f\u00fcr mich, die Beklemmung in den Augen der Journalisten und Studenten hierzulande zu begreifen, als mein Kollege erz\u00e4hlt, wie wir von unserer Umgebung und der amtierenden Regierung angegriffen werden. Es ist unfassbar in einem Land wie Deutschland, in dem Journalismus immer noch als S\u00e4ule der Demokratie gilt und gesch\u00fctzt wird. Aber es gibt Spannungen zwischen Ost und West, eine Tatsache, die uns immer wieder vor Augen gef\u00fchrt wird, w\u00e4hrend wir durch St\u00e4dte wie aus dem Bilderbuch reisen, umgeben von Geb\u00e4uden aus der Sowjetzeit. Die Geschichte, die hinter diesen Spannungen steht, ist hier in Deutschland greifbar \u2013 und, was noch wichtiger ist, unausweichlich. Hier werden die Verbrechen der Vergangenheit aufgezeigt. Das sehen wir in den vielen Museen, Gedenkst\u00e4tten und Denkm\u00e4lern, die wir besuchen, und diese machen deutlich: Taten haben Konsequenzen.\nDas ist eine Lektion, die Deutschland seinen B\u00fcrgern ins Ged\u00e4chtnis rufen will, um die Demokratie zu sch\u00fctzen, die das Land m\u00fchsam aufgebaut hat \u2013 und diese Lektion sollten wir uns auch hier in den USA zu Herzen nehmen. Vielen Dank, RIAS, f\u00fcr dieses sorgf\u00e4ltig ausgew\u00e4hlte Programm.<\/p><\/div><\/div>\t\t\t\t<\/div>\n\t\t\t\t<\/div>\n\t\t\t\t<div class=\"elementor-element elementor-element-4e18323 elementor-widget-divider--view-line elementor-widget elementor-widget-global elementor-global-17845 elementor-widget-divider\" data-id=\"4e18323\" data-element_type=\"widget\" data-e-type=\"widget\" data-widget_type=\"divider.default\">\n\t\t\t\t<div class=\"elementor-widget-container\">\n\t\t\t\t\t\t\t<div class=\"elementor-divider\">\n\t\t\t<span class=\"elementor-divider-separator\">\n\t\t\t\t\t\t<\/span>\n\t\t<\/div>\n\t\t\t\t\t\t<\/div>\n\t\t\t\t<\/div>\n\t\t\t\t<div class=\"elementor-element elementor-element-bef930e elementor-position-right elementor-vertical-align-top elementor-widget elementor-widget-image-box\" data-id=\"bef930e\" data-element_type=\"widget\" data-e-type=\"widget\" data-widget_type=\"image-box.default\">\n\t\t\t\t<div class=\"elementor-widget-container\">\n\t\t\t\t\t<div class=\"elementor-image-box-wrapper\"><figure class=\"elementor-image-box-img\"><img decoding=\"async\" width=\"248\" height=\"300\" src=\"https:\/\/riasberlin.org\/wp-content\/uploads\/2025\/08\/Hammer.jpg\" class=\"attachment-full size-full wp-image-17888\" alt=\"Hammer\" srcset=\"https:\/\/riasberlin.org\/wp-content\/uploads\/2025\/08\/Hammer.jpg 248w, https:\/\/riasberlin.org\/wp-content\/uploads\/2025\/08\/Hammer-83x100.jpg 83w, https:\/\/riasberlin.org\/wp-content\/uploads\/2025\/08\/Hammer-10x12.jpg 10w\" sizes=\"(max-width: 248px) 100vw, 248px\" \/><\/figure><div class=\"elementor-image-box-content\"><h3 class=\"elementor-image-box-title\">Sophia Hammer, University of Arizona, Tucson, Arizona<\/h3><p class=\"elementor-image-box-description\">Der Unterschied zwischen meinen Erfahrungen in Deutschland und dem, was ich in meiner Heimat erlebt habe, hat sich mir tief eingepr\u00e4gt. Ich kehrte inmitten politischer Unruhen in die USA zur\u00fcck. Die Proteste in Los Angeles, die durch ICE-Razzien und Debatten \u00fcber Rechtsstaatlichkeit, B\u00fcrgerrechte und Pressefreiheit ausgel\u00f6st wurden, werden immer heftiger. W\u00e4hrend meines Aufenthalts in Deutschland besuchte ich mehrere historische St\u00e4tten, die die schwere Vergangenheit des Landes widerspiegeln: die East Side Gallery, die Gedenkst\u00e4tte Berlin-Hohensch\u00f6nhausen, Sachsenhausen und das Denkmal f\u00fcr die ermordeten Juden Europas. Bei all diesen Orten und Teilen der Geschichte ging es um das Gedenken, aber vor allem um die Erinnerung an den Wert der Demokratie und an die sehr realen Auswirkungen ihres Ausbleibens.\nDie Angriffe der Trump-Regierung auf die Pressefreiheit, der Einsatz der Nationalgarde gegen Zivilisten, die Bestrebungen zur Ausweitung von Abschiebungen und die Missachtung des Rechtssystems zeigen, wie zerbrechlich demokratische Institutionen sein k\u00f6nnen und wie wichtig es ist, sich zu erinnern und sich zu engagieren. Meine Zeit in Deutschland hat mich dar\u00fcber nachdenken lassen, wie es aussieht, wenn eine Gesellschaft die Bewahrung der Demokratie als Gemeinschaftsaufgabe begreift. Die Wahrung der Pressefreiheit ist Teil dieser Verantwortung. Ebenso wichtig ist jedoch auch, wie wir Journalisten uns entscheiden, die Geschichten anderer zu erz\u00e4hlen. Ich habe unsere Besuche bei der ARD, dem Museum f\u00fcr Kommunikation und der ECMPF genossen, da sich diese Einrichtungen dieser Verantwortung stellen.\nIch danke auch den Studierenden jeder Universit\u00e4t, die wir besucht haben, ganz herzlich. Unsere Gespr\u00e4che waren mir immer die liebsten. Die Zeit mit all den Studierenden, die wir getroffen haben, war wirklich inspirierend und hat mir Hoffnung f\u00fcr die Zukunft des Storytellings gegeben.<\/p><\/div><\/div>\t\t\t\t<\/div>\n\t\t\t\t<\/div>\n\t\t\t\t<div class=\"elementor-element elementor-element-fd1e8f7 elementor-widget-divider--view-line elementor-widget elementor-widget-global elementor-global-17845 elementor-widget-divider\" data-id=\"fd1e8f7\" data-element_type=\"widget\" data-e-type=\"widget\" data-widget_type=\"divider.default\">\n\t\t\t\t<div class=\"elementor-widget-container\">\n\t\t\t\t\t\t\t<div class=\"elementor-divider\">\n\t\t\t<span class=\"elementor-divider-separator\">\n\t\t\t\t\t\t<\/span>\n\t\t<\/div>\n\t\t\t\t\t\t<\/div>\n\t\t\t\t<\/div>\n\t\t\t\t<div class=\"elementor-element elementor-element-b0e3632 elementor-position-left elementor-vertical-align-top elementor-widget elementor-widget-image-box\" data-id=\"b0e3632\" data-element_type=\"widget\" data-e-type=\"widget\" data-widget_type=\"image-box.default\">\n\t\t\t\t<div class=\"elementor-widget-container\">\n\t\t\t\t\t<div class=\"elementor-image-box-wrapper\"><figure class=\"elementor-image-box-img\"><img decoding=\"async\" width=\"768\" height=\"847\" src=\"https:\/\/riasberlin.org\/wp-content\/uploads\/2025\/08\/Jerin-768x847-1.jpg\" class=\"attachment-full size-full wp-image-17887\" alt=\"Jerin 768x847\" srcset=\"https:\/\/riasberlin.org\/wp-content\/uploads\/2025\/08\/Jerin-768x847-1.jpg 768w, https:\/\/riasberlin.org\/wp-content\/uploads\/2025\/08\/Jerin-768x847-1-91x100.jpg 91w, https:\/\/riasberlin.org\/wp-content\/uploads\/2025\/08\/Jerin-768x847-1-11x12.jpg 11w\" sizes=\"(max-width: 768px) 100vw, 768px\" \/><\/figure><div class=\"elementor-image-box-content\"><h3 class=\"elementor-image-box-title\">Jerin Tasnim, Stony Brook University, Stony Brook, New York <\/h3><p class=\"elementor-image-box-description\">Die RIAS Berlin-Kommission bot uns eine einzigartige Gelegenheit, in die Komplexit\u00e4t der Vergangenheit einzutauchen und zu verstehen, wie diese das moderne Deutschland gepr\u00e4gt hat. W\u00e4hrend unseres Besuchs wurden uns die historischen Ereignisse bewusst, und wir erlebten sowohl die physischen als auch die emotionalen Spuren \u2013 sowohl positive als auch negative \u2013 der Geschichte. Die Frauenkirche in Dresden zu sehen, war zum Beispiel atemberaubend. Zu erfahren, wie sie mit dem Alten wiederaufgebaut wurde und sich mit dem Neuen vermischte, vermittelte die starke Botschaft, dass sie trotz all der Zerst\u00f6rung immer noch als Symbol der Erinnerung, der Widerstandsf\u00e4higkeit und des Wandels steht. Dar\u00fcber hinaus trafen wir mehrere erfahrene Pers\u00f6nlichkeiten, die einst an dem Programm teilgenommen hatten. Ihren Werdegang zu h\u00f6ren und zu erfahren, wie sie dorthin gekommen sind, wo sie heute stehen, war inspirierend und hat mir eine neue Perspektive er\u00f6ffnet. Au\u00dferdem konnten wir uns mit Kollegen aus verschiedenen Bereichen des Journalismus austauschen. Das waren einige der besten H\u00f6hepunkte dieses Programms. Bei einigen der diskutierten Themen wurde uns klar, dass wir \u00e4hnliche Muster zwischen Deutschland und den USA erkennen.\nWir kamen zu dem Schluss, dass wir sogar in verschiedenen L\u00e4ndern vor ganz \u00e4hnlichen Herausforderungen stehen. Generell war es wertvoll, diese Verbindungen zwischen Menschen in unserem Alter zu kn\u00fcpfen, denn wir alle wissen, dass die Welt des Journalismus viel kleiner ist als viele denken.\nWir haben Menschen getroffen, deren Geschichten uns nachhaltig beeindruckt haben. Dazu geh\u00f6rte ein ehemaliger politischer H\u00e4ftling aus einem ostdeutschen Stasi-Gef\u00e4ngnis sowie ein syrischer Fl\u00fcchtling. Beide erz\u00e4hlten uns ihre intensiven Geschichten und wie sie aus ihren Lebensumst\u00e4nden geflohen sind. Diese Erz\u00e4hlungen waren beeindruckend und erinnerten uns eindringlich an die Bedeutung des Journalismus. Sie machen deutlich, wie wichtig es ist, dass Geschichten wie diese bekannt werden und dass Ungerechtigkeiten auf der ganzen Welt ans Licht kommen. So viel Spa\u00df es auch gemacht hat und so erstaunlich es auch war, Teile Deutschlands zu erkunden, so sehr hat uns diese Erfahrung auch an unsere Verantwortung als Journalisten erinnert. Wir sind verpflichtet, die Grundwerte des \u00f6ffentlichen Dienstes aufrechtzuerhalten und daf\u00fcr zu sorgen, dass Menschen gesehen werden und ihre Geschichten erz\u00e4hlt werden. Unser Ziel ist es, die \u00d6ffentlichkeit zu informieren, fundierte Entscheidungen zu erm\u00f6glichen und Menschen weltweit miteinander zu verbinden.<\/p><\/div><\/div>\t\t\t\t<\/div>\n\t\t\t\t<\/div>\n\t\t\t\t<div class=\"elementor-element elementor-element-f94092e elementor-widget-divider--view-line elementor-widget elementor-widget-global elementor-global-17845 elementor-widget-divider\" data-id=\"f94092e\" data-element_type=\"widget\" data-e-type=\"widget\" data-widget_type=\"divider.default\">\n\t\t\t\t<div class=\"elementor-widget-container\">\n\t\t\t\t\t\t\t<div class=\"elementor-divider\">\n\t\t\t<span class=\"elementor-divider-separator\">\n\t\t\t\t\t\t<\/span>\n\t\t<\/div>\n\t\t\t\t\t\t<\/div>\n\t\t\t\t<\/div>\n\t\t\t\t<div class=\"elementor-element elementor-element-acae7bb elementor-position-right elementor-vertical-align-top elementor-widget elementor-widget-image-box\" data-id=\"acae7bb\" data-element_type=\"widget\" data-e-type=\"widget\" data-widget_type=\"image-box.default\">\n\t\t\t\t<div class=\"elementor-widget-container\">\n\t\t\t\t\t<div class=\"elementor-image-box-wrapper\"><figure class=\"elementor-image-box-img\"><img loading=\"lazy\" decoding=\"async\" width=\"242\" height=\"310\" src=\"https:\/\/riasberlin.org\/wp-content\/uploads\/2025\/08\/Gist.jpg\" class=\"attachment-full size-full wp-image-17886\" alt=\"Kern\" srcset=\"https:\/\/riasberlin.org\/wp-content\/uploads\/2025\/08\/Gist.jpg 242w, https:\/\/riasberlin.org\/wp-content\/uploads\/2025\/08\/Gist-78x100.jpg 78w, https:\/\/riasberlin.org\/wp-content\/uploads\/2025\/08\/Gist-9x12.jpg 9w\" sizes=\"(max-width: 242px) 100vw, 242px\" \/><\/figure><div class=\"elementor-image-box-content\"><h3 class=\"elementor-image-box-title\">Carly Gist, Southern Illinois University, Carbondale, Illinois<\/h3><p class=\"elementor-image-box-description\">\u201eSchlaf verloren, Freunde gefunden\u201c. Als eine Gruppe von Journalismus Studenten an einer Hamburger Universit\u00e4t meine Kommiliton:innen f\u00fcr einen TikTok filmte und sie fragte, welche Schlagzeile sie w\u00e4hlen w\u00fcrden, um diese Reise zu beschreiben, kam mir genau das in den Sinn. Ich bin gestern Abend in die USA zur\u00fcckgekehrt. Unser Programm ging vor etwa einer Woche zu Ende und ich beschloss, mir noch etwas Zeit zu nehmen, um Europa zu erkunden, bevor ich nach Hause komme. Nach drei Wochen in Deutschland denke ich, dass ich die Kunst der \u00f6ffentlichen Verkehrsmittel beherrsche. W\u00e4hrend des RIAS-Studentenprogramms haben wir viel \u00fcber die Geschichte Deutschlands, den Zweiten Weltkrieg, den Kalten Krieg und die heutige Rolle des Journalismus gelernt. Zu den H\u00f6hepunkten geh\u00f6rten der Besuch des Flughafens Tempelhof, das Treffen mit einem ehemaligen Stasi-H\u00e4ftling und die Besichtigung des Museums f\u00fcr Kommunikation. Wir f\u00fchrten angeregte Gespr\u00e4che mit Journalisten und politischen Entscheidungstr\u00e4gern. Doch w\u00e4hrend dieser Treffen und Touren kamen immer wieder Bedenken \u00fcber den Journalismus in den USA und in Deutschland auf. Wir diskutierten \u00fcber Sensationslust, Fake News, Voreingenommenheit, Zensur und den Vormarsch der k\u00fcnstlichen Intelligenz, bis wir ganz blau im Gesicht waren. Oft wurden wir gefragt, ob wir nach all dem, was wir gelernt hatten, immer noch Journalisten werden wollten. Und jedes Mal lautete unsere Antwort: Ja. Wenn \u00fcberhaupt, dann hat diese Reise in mir den Wunsch geweckt, mehr denn je in diesem Bereich zu arbeiten. Deutschland bem\u00fcht sich, seine Vergangenheit nicht zu verleugnen, auch wenn dies nicht immer nahtlos gelungen ist. Das Land gedenkt des Holocausts und reflektiert seine Rolle in den Kriegen. Doch dazu musste die Geschichte aufgezeichnet werden. Es gibt ein Sprichwort, das besagt, dass Journalismus der erste Rohentwurf der Geschichte ist. Wenn wir weiterhin aus der Geschichte lernen wollen, m\u00fcssen wir sie festhalten. Nach dem Programm war ich ersch\u00f6pft und meine F\u00fc\u00dfe taten mir weh, aber ich kam mit neuen Freunden und neuem Wissen zur\u00fcck. Ich habe Ideen mit nach Hause genommen, die ich in der Zeitung meiner Universit\u00e4t umsetzen kann, sowie eine Leidenschaft f\u00fcr den Journalismus, die immer weiterw\u00e4chst. Ich kann gar nicht ausdr\u00fccken, wie dankbar ich bin, dass ich diese Chance bekommen habe. Es war eine Erfahrung, die ich nie vergessen werde. Vielen Dank, RIAS, f\u00fcr alles. Ich kann es kaum erwarten, mich weiterhin f\u00fcr die Organisation zu engagieren und zu sehen, wie sie weiterw\u00e4chst.<\/p><\/div><\/div>\t\t\t\t<\/div>\n\t\t\t\t<\/div>\n\t\t\t\t<div class=\"elementor-element elementor-element-4273a85 elementor-widget-divider--view-line elementor-widget elementor-widget-global elementor-global-17845 elementor-widget-divider\" data-id=\"4273a85\" data-element_type=\"widget\" data-e-type=\"widget\" data-widget_type=\"divider.default\">\n\t\t\t\t<div class=\"elementor-widget-container\">\n\t\t\t\t\t\t\t<div class=\"elementor-divider\">\n\t\t\t<span class=\"elementor-divider-separator\">\n\t\t\t\t\t\t<\/span>\n\t\t<\/div>\n\t\t\t\t\t\t<\/div>\n\t\t\t\t<\/div>\n\t\t\t\t<div class=\"elementor-element elementor-element-193f74f elementor-position-left elementor-vertical-align-top elementor-widget elementor-widget-image-box\" data-id=\"193f74f\" data-element_type=\"widget\" data-e-type=\"widget\" data-widget_type=\"image-box.default\">\n\t\t\t\t<div class=\"elementor-widget-container\">\n\t\t\t\t\t<div class=\"elementor-image-box-wrapper\"><figure class=\"elementor-image-box-img\"><img loading=\"lazy\" decoding=\"async\" width=\"250\" height=\"318\" src=\"https:\/\/riasberlin.org\/wp-content\/uploads\/2025\/08\/Cazares.jpg\" class=\"attachment-full size-full wp-image-17880\" alt=\"Cazares\" srcset=\"https:\/\/riasberlin.org\/wp-content\/uploads\/2025\/08\/Cazares.jpg 250w, https:\/\/riasberlin.org\/wp-content\/uploads\/2025\/08\/Cazares-79x100.jpg 79w, https:\/\/riasberlin.org\/wp-content\/uploads\/2025\/08\/Cazares-9x12.jpg 9w\" sizes=\"(max-width: 250px) 100vw, 250px\" \/><\/figure><div class=\"elementor-image-box-content\"><h3 class=\"elementor-image-box-title\">Daniela Cazares, University of Arizona, Tucson, Arizona<\/h3><p class=\"elementor-image-box-description\">Ich k\u00f6nnte nicht dankbarer sein f\u00fcr die Zeit, die ich mit dem RIAS-ERP-Studentenprogramm in Deutschland verbracht habe. Von Anfang bis Ende habe ich jeden Tag etwas Neues gelernt. Diese Erfahrung hat mein Verst\u00e4ndnis von Journalismus auf internationaler Ebene vertieft und mir ein besseres Verst\u00e4ndnis f\u00fcr den kulturellen und politischen Kontext in Deutschland vermittelt. Besonders genossen habe ich die Besuche von Medieneinrichtungen wie dem Deutschlandfunk Hauptstadtstudio und der Deutschen Welle Arabic. Diese Besuche gaben mir eine einzigartige Perspektive auf die unterschiedliche Medienlandschaft in Deutschland und f\u00fchrten zu gro\u00dfartigen Gespr\u00e4chen dar\u00fcber, wie amerikanische Journalisten internationale Themen in ihren Redaktionen platzieren. Von Journalisten wie Jaafar Abdul Karim von der DW zu h\u00f6ren, hat mir dabei geholfen, kritischer \u00fcber die globale Reichweite und die Verantwortung der Berichterstattung nachzudenken. Was die Politik anbelangt, so war der Besuch im Bundestag einer der sch\u00f6nsten Momente meiner Reise. Das politische System in Deutschland und die Unterschiede zu unserem in den USA haben mir neue Einblicke in die Auslegung und Umsetzung von Demokratie in anderen Teilen der Welt verschafft. Ich habe auch unsere Diskussionen mit deutschen Studierenden \u00fcber transatlantische Angelegenheiten sehr gesch\u00e4tzt. Zu h\u00f6ren, wie sie die US-amerikanische Medienberichterstattung und globale Themen sehen, hat mir dabei geholfen, \u00fcber unsere Rolle als Berichterstatter nachzudenken. Ich bin besonders dankbar f\u00fcr die Redner und G\u00e4ste, die RIAS in das Programm aufgenommen hat. Auch Peter Keups Rundgang, bei dem er von seinen eigenen Erfahrungen berichtete, war f\u00fcr mich sehr beeindruckend. Zudem hatte ich die Gelegenheit, Kate Brady von der Washington Post zu treffen. Sie hat mich noch mehr dazu inspiriert, in meiner eigenen Karriere eine sinnvolle internationale Berichterstattung zu verfolgen. Auf dieser Reise habe ich viel \u00fcber Kultur, Politik und Geschichte gelernt, und ich kann RIAS nicht genug danken. Chris, Pam und Christina \u2013 vielen Dank f\u00fcr alles. Ich hoffe, dass ich mit dem Programm in Verbindung bleibe und weiterhin von den Erfahrungen und Beziehungen lernen kann, die ich w\u00e4hrend dieser unvergesslichen Reise gemacht habe.<\/p><\/div><\/div>\t\t\t\t<\/div>\n\t\t\t\t<\/div>\n\t\t\t\t<div class=\"elementor-element elementor-element-d3d2e29 elementor-widget-divider--view-line elementor-widget elementor-widget-global elementor-global-17845 elementor-widget-divider\" data-id=\"d3d2e29\" data-element_type=\"widget\" data-e-type=\"widget\" data-widget_type=\"divider.default\">\n\t\t\t\t<div class=\"elementor-widget-container\">\n\t\t\t\t\t\t\t<div class=\"elementor-divider\">\n\t\t\t<span class=\"elementor-divider-separator\">\n\t\t\t\t\t\t<\/span>\n\t\t<\/div>\n\t\t\t\t\t\t<\/div>\n\t\t\t\t<\/div>\n\t\t\t\t<div class=\"elementor-element elementor-element-ec940b0 elementor-position-right elementor-vertical-align-top elementor-widget elementor-widget-image-box\" data-id=\"ec940b0\" data-element_type=\"widget\" data-e-type=\"widget\" data-widget_type=\"image-box.default\">\n\t\t\t\t<div class=\"elementor-widget-container\">\n\t\t\t\t\t<div class=\"elementor-image-box-wrapper\"><figure class=\"elementor-image-box-img\"><img loading=\"lazy\" decoding=\"async\" width=\"238\" height=\"318\" src=\"https:\/\/riasberlin.org\/wp-content\/uploads\/2025\/08\/Jaramillo.jpg\" class=\"attachment-full size-full wp-image-17885\" alt=\"Jaramillo\" srcset=\"https:\/\/riasberlin.org\/wp-content\/uploads\/2025\/08\/Jaramillo.jpg 238w, https:\/\/riasberlin.org\/wp-content\/uploads\/2025\/08\/Jaramillo-75x100.jpg 75w, https:\/\/riasberlin.org\/wp-content\/uploads\/2025\/08\/Jaramillo-9x12.jpg 9w\" sizes=\"(max-width: 238px) 100vw, 238px\" \/><\/figure><div class=\"elementor-image-box-content\"><h3 class=\"elementor-image-box-title\">Nayeli Jaramillo, University of North Carolina, Chapel Hill, North Carolina<\/h3><p class=\"elementor-image-box-description\">Die drei Wochen, die ich im Rahmen des RIAS-Berlin-Studentenprogramms verbrachte, haben mich sowohl pers\u00f6nlich als auch beruflich gepr\u00e4gt. Ich sch\u00e4tzte es sehr, mit deutschen Studierenden, Journalisten und Politikern unterschiedlicher Hintergr\u00fcnde ehrliche politische und gesellschaftliche Gespr\u00e4che zu f\u00fchren. Es war faszinierend zu sehen, wie unterschiedlich die Wahrnehmung in den USA und Deutschland ist, beispielsweise was die M\u00f6glichkeit betrifft, die Telefonnummer oder die Adresse einer Person abzurufen. Dieser Austausch hat mich dazu gebracht, kritischer \u00fcber Privatsph\u00e4re, Ethik und die Art und Weise, wie kulturelle Pr\u00e4gung unsere Berichterstattung und den Konsum von Nachrichten beeinflusst, nachzudenken. Er hat mir auch das Selbstvertrauen gegeben, Geschichten aus einer breiteren, internationalen Perspektive zu berichten.\n\u00dcberrascht und in gewisser Weise auch getr\u00f6stet hat mich, dass Journalisten in Deutschland mit vielen der gleichen Herausforderungen konfrontiert sind wie wir: ein Publikum mit kurzer Aufmerksamkeitsspanne anzusprechen und \u00fcber alle Seiten einer Geschichte zu berichten, ohne ungewollt sch\u00e4dliche oder falsche Ideen zu verbreiten. Wir diskutierten auch \u00fcber den Aufstieg der AfD und ich erfuhr, wie schwierig es sein kann, verantwortungsvoll \u00fcber Politik zu berichten. KI kam in unseren Diskussionen h\u00e4ufig zur Sprache. Es gab unterschiedliche Meinungen dar\u00fcber, wie sie im Journalismus eingesetzt werden sollte. Ich ging mit der \u00dcberzeugung nach Hause, dass wir klare, gemeinsame Richtlinien ben\u00f6tigen \u2013 insbesondere in Bezug auf Transparenz \u2013, vor allem, da das Misstrauen gegen\u00fcber den Medien gro\u00df ist.\nAls jemand, der Dokumentarfilme \u00fcber Geschichte liebt, f\u00fchlte es sich beim Besuch des Flughafens Tempelhof und der Gedenkst\u00e4tte Berliner Mauer so an, als w\u00fcrde man in einen solchen Film hineingehen. Ebenso surreal war es, ostdeutsche St\u00e4dte zu besuchen und den Ort zu sehen, an dem Martin Luther lebte, nachdem ich in meinen Kursen \u00fcber europ\u00e4ische Geschichte so viel dar\u00fcber geh\u00f6rt hatte. Eines meiner wichtigsten Erlebnisse war die Besichtigung des Stasi-Gef\u00e4ngnisses mit Peter Keup, der dort zehn Monate lang inhaftiert war. Ich bin unendlich dankbar f\u00fcr diese Erfahrung. Sie hat mir neue Ideen und Perspektiven er\u00f6ffnet und meine Wertsch\u00e4tzung f\u00fcr die Rolle von Journalisten bei der \u00dcberwindung von Grenzen gest\u00e4rkt.<\/p><\/div><\/div>\t\t\t\t<\/div>\n\t\t\t\t<\/div>\n\t\t\t\t<div class=\"elementor-element elementor-element-5a873f9 elementor-widget-divider--view-line elementor-widget elementor-widget-global elementor-global-17845 elementor-widget-divider\" data-id=\"5a873f9\" data-element_type=\"widget\" data-e-type=\"widget\" data-widget_type=\"divider.default\">\n\t\t\t\t<div class=\"elementor-widget-container\">\n\t\t\t\t\t\t\t<div class=\"elementor-divider\">\n\t\t\t<span class=\"elementor-divider-separator\">\n\t\t\t\t\t\t<\/span>\n\t\t<\/div>\n\t\t\t\t\t\t<\/div>\n\t\t\t\t<\/div>\n\t\t\t\t<div class=\"elementor-element elementor-element-0fba259 elementor-position-left elementor-vertical-align-top elementor-widget elementor-widget-image-box\" data-id=\"0fba259\" data-element_type=\"widget\" data-e-type=\"widget\" data-widget_type=\"image-box.default\">\n\t\t\t\t<div class=\"elementor-widget-container\">\n\t\t\t\t\t<div class=\"elementor-image-box-wrapper\"><figure class=\"elementor-image-box-img\"><img loading=\"lazy\" decoding=\"async\" width=\"246\" height=\"330\" src=\"https:\/\/riasberlin.org\/wp-content\/uploads\/2025\/08\/Kwadu.jpg\" class=\"attachment-full size-full wp-image-17884\" alt=\"Kwadu\" srcset=\"https:\/\/riasberlin.org\/wp-content\/uploads\/2025\/08\/Kwadu.jpg 246w, https:\/\/riasberlin.org\/wp-content\/uploads\/2025\/08\/Kwadu-75x100.jpg 75w, https:\/\/riasberlin.org\/wp-content\/uploads\/2025\/08\/Kwadu-9x12.jpg 9w\" sizes=\"(max-width: 246px) 100vw, 246px\" \/><\/figure><div class=\"elementor-image-box-content\"><h3 class=\"elementor-image-box-title\">Ben Kwadu, University of Central Oklahoma, Edmond, Oklahoma<\/h3><p class=\"elementor-image-box-description\">Meine Erfahrung mit der RIAS Berlin Kommission war schlichtweg ph\u00e4nomenal. Es war wirklich augen\u00f6ffnend, die journalistische und politische Landschaft zu erleben, vor allem, wie relevant Zeitungen und Radiosender im Vergleich zu denen in den USA immer noch sind. Es war erfrischend, einen eingehenden Blick darauf zu bekommen, wie sie aktuelle Themen im Journalismus angehen, vor allem, weil sie die Berichterstattung ernster zu nehmen scheinen als viele Journalisten in Amerika. Man k\u00f6nnte sogar sagen, dass sie es zu ernst nehmen. Sie erz\u00e4hlten n\u00e4mlich, wie schwierig es angesichts der gegenw\u00e4rtigen Umst\u00e4nde \u2013 nicht nur in ihrem Land, sondern weltweit \u2013 sein kann, positivere Nachrichten zu berichten.\nAm besten hat mir der geschichtliche Aspekt des Programms gefallen. Die Geschichte des RIAS zu erfahren und Sehensw\u00fcrdigkeiten, Denkm\u00e4ler und Museen zu besuchen, war gro\u00dfartig. Besonders gut hat mir gefallen, etwas \u00fcber den Flughafen Tempelhof und seine Rolle im Zweiten Weltkrieg und im Kalten Krieg zu erfahren. Erstaunlich ist f\u00fcr mich, dass er immer noch nicht ganz fertiggestellt ist.\nW\u00e4hrend unserer Tour durch den Osten Deutschlands fielen uns die Unterschiede zum Westen immer noch sehr auf. Viele der deutschen Studierenden, die wir trafen, hatten diese St\u00e4dte selbst noch nicht einmal besucht. Obwohl einige ihrer Meinungen etwas kritisch waren, z\u00e4hlten Orte wie Dresden und Eisenach f\u00fcr mich zu den sch\u00f6nsten, die ich je gesehen habe.\nZu den H\u00f6hepunkten z\u00e4hlten der Besuch verschiedener Universit\u00e4ten und die Gespr\u00e4che mit anderen angehenden Journalisten. Es war inspirierend, ihre unterschiedlichen Perspektiven zu h\u00f6ren. Alle, die wir auf dieser Reise getroffen haben, waren sehr freundlich und haben uns wunderbare Erinnerungen hinterlassen. Ein besonderes Lob geht an Hellen in Potsdam, eine meiner Lieblingsreiseleiterinnen. Es war eine so spannende und bedeutungsvolle Erfahrung, transatlantische Verbindungen zu kn\u00fcpfen. Ich f\u00fchle mich wirklich gesegnet, dass ich die Chance hatte, Deutschland zu besuchen und kennenzulernen. Jetzt kann ich sogar zu meinen Freunden sagen, dass ich ein bisschen Deutsch kann \u2013 vor allem dank der vielen deutschen Gerichte, die ich genossen habe.<\/p><\/div><\/div>\t\t\t\t<\/div>\n\t\t\t\t<\/div>\n\t\t\t\t<div class=\"elementor-element elementor-element-a7c9edd elementor-widget-divider--view-line elementor-widget elementor-widget-global elementor-global-17845 elementor-widget-divider\" data-id=\"a7c9edd\" data-element_type=\"widget\" data-e-type=\"widget\" data-widget_type=\"divider.default\">\n\t\t\t\t<div class=\"elementor-widget-container\">\n\t\t\t\t\t\t\t<div class=\"elementor-divider\">\n\t\t\t<span class=\"elementor-divider-separator\">\n\t\t\t\t\t\t<\/span>\n\t\t<\/div>\n\t\t\t\t\t\t<\/div>\n\t\t\t\t<\/div>\n\t\t\t\t<div class=\"elementor-element elementor-element-07108a7 elementor-position-right elementor-vertical-align-top elementor-widget elementor-widget-image-box\" data-id=\"07108a7\" data-element_type=\"widget\" data-e-type=\"widget\" data-widget_type=\"image-box.default\">\n\t\t\t\t<div class=\"elementor-widget-container\">\n\t\t\t\t\t<div class=\"elementor-image-box-wrapper\"><figure class=\"elementor-image-box-img\"><img loading=\"lazy\" decoding=\"async\" width=\"254\" height=\"350\" src=\"https:\/\/riasberlin.org\/wp-content\/uploads\/2025\/08\/Watts.jpg\" class=\"attachment-full size-full wp-image-17882\" alt=\"Watt\" srcset=\"https:\/\/riasberlin.org\/wp-content\/uploads\/2025\/08\/Watts.jpg 254w, https:\/\/riasberlin.org\/wp-content\/uploads\/2025\/08\/Watts-73x100.jpg 73w, https:\/\/riasberlin.org\/wp-content\/uploads\/2025\/08\/Watts-9x12.jpg 9w\" sizes=\"(max-width: 254px) 100vw, 254px\" \/><\/figure><div class=\"elementor-image-box-content\"><h3 class=\"elementor-image-box-title\">Abigail Watts, University of Georgia, Athens, Georgia<\/h3><p class=\"elementor-image-box-description\">Im Rahmen des RIAS-ERP-Studentenprogramms hatte ich die Gelegenheit, mit deutschen Journalisten, Studierenden und Medienschaffenden \u00fcber den Wert einer freien Presse und einer fairen Berichterstattung zu sprechen. Bei meinen Besuchen an Universit\u00e4ten in ganz Deutschland sprach ich mit Studentinnen und Studenten, die Journalismus, Politik und internationale Beziehungen studieren. In diesen Gespr\u00e4chen wurden sowohl gemeinsame Herausforderungen als auch einzigartige Unterschiede in der Art und Weise deutlich, wie wir in unseren jeweiligen L\u00e4ndern an Nachrichten und Politikberichterstattung herangehen. Wir hatten die Gelegenheit, die Bundespressekonferenz zu besuchen und mehr \u00fcber diese Institution zu erfahren, an der Journalisten regelm\u00e4\u00dfig deutsche Regierungsvertreter befragen. Au\u00dferdem besichtigten wir gro\u00dfe Nachrichtenagenturen und erfuhren mehr \u00fcber die Berichterstattung deutscher Journalisten und dar\u00fcber, wie sie sich an eine sich schnell ver\u00e4ndernde Medienlandschaft anpassen. In unseren Diskussionen sprachen wir auch dar\u00fcber, wie wichtig es ist, dass Journalist:innen in der Lage sind, sicher und gewissenhaft \u00fcber politische Themen zu berichten. Indem wir die Geschichte des RIAS als externe Nachrichtenquelle bis nach Ost-Berlin w\u00e4hrend des Kalten Krieges zur\u00fcckverfolgten, wurde uns bewusst, welche Rolle der Journalismus bei der Verbreitung von Informationen und der Bek\u00e4mpfung von Propaganda spielen kann.\nDer historische Hintergrund Deutschlands verdeutlicht die entscheidende Rolle einer freien und fairen Presse in jeder Demokratie. Da Deutschland im Laufe seiner Geschichte verschiedene Regierungsformen erlebt hat, war es faszinierend zu untersuchen, welche Rolle die Medien in der Politik der jeweiligen Zeit gespielt haben. Der beeindruckendste Teil des RIAS-Programms f\u00fcr mich war, von unglaublichen Menschen wie Peter Kaup, der zehn Monate in einem Stasi-Gef\u00e4ngnis verbrachte, und Kani Alavi, der die Zeit des Mauerfalls miterlebte, aus erster Hand zu h\u00f6ren. Ich verlie\u00df das Programm mit einem tieferen Verst\u00e4ndnis f\u00fcr die mit der Pressefreiheit einhergehende Verantwortung und mit einer erweiterten Perspektive auf die globale Rolle des Journalismus.<\/p><\/div><\/div>\t\t\t\t<\/div>\n\t\t\t\t<\/div>\n\t\t\t\t<div class=\"elementor-element elementor-element-57ed92a elementor-widget-divider--view-line elementor-widget elementor-widget-global elementor-global-17845 elementor-widget-divider\" data-id=\"57ed92a\" data-element_type=\"widget\" data-e-type=\"widget\" data-widget_type=\"divider.default\">\n\t\t\t\t<div class=\"elementor-widget-container\">\n\t\t\t\t\t\t\t<div class=\"elementor-divider\">\n\t\t\t<span class=\"elementor-divider-separator\">\n\t\t\t\t\t\t<\/span>\n\t\t<\/div>\n\t\t\t\t\t\t<\/div>\n\t\t\t\t<\/div>\n\t\t\t\t<div class=\"elementor-element elementor-element-57e0610 elementor-position-left elementor-vertical-align-top elementor-widget elementor-widget-image-box\" data-id=\"57e0610\" data-element_type=\"widget\" data-e-type=\"widget\" data-widget_type=\"image-box.default\">\n\t\t\t\t<div class=\"elementor-widget-container\">\n\t\t\t\t\t<div class=\"elementor-image-box-wrapper\"><figure class=\"elementor-image-box-img\"><img loading=\"lazy\" decoding=\"async\" width=\"264\" height=\"292\" src=\"https:\/\/riasberlin.org\/wp-content\/uploads\/2025\/08\/Silva.png\" class=\"attachment-full size-full wp-image-17883\" alt=\"Silva\" srcset=\"https:\/\/riasberlin.org\/wp-content\/uploads\/2025\/08\/Silva.png 264w, https:\/\/riasberlin.org\/wp-content\/uploads\/2025\/08\/Silva-90x100.png 90w, https:\/\/riasberlin.org\/wp-content\/uploads\/2025\/08\/Silva-11x12.png 11w\" sizes=\"(max-width: 264px) 100vw, 264px\" \/><\/figure><div class=\"elementor-image-box-content\"><h3 class=\"elementor-image-box-title\">Sophia da Silva, University of Maryland, College Park, Maryland<\/h3><p class=\"elementor-image-box-description\">Vor diesem Programm war mein Wissen \u00fcber die deutsche Geschichte und Politik \u2013 wie das vieler Amerikaner \u2013 besch\u00e4mend sp\u00e4rlich. Im Laufe dieser drei Wochen wurde ich \u00fcber die Vergangenheit und Gegenwart dieses Landes aufgekl\u00e4rt, insbesondere \u00fcber die Art und Weise, wie Deutschland auch 30 Jahre nach dem Fall der Berliner Mauer politisch gespalten ist. Ein H\u00f6hepunkt unserer Reise war es, in der Frauenkirche \u00fcber diese Teilung und die Gemeinsamkeiten zwischen den USA und Deutschland zu sprechen. Die im Zweiten Weltkrieg zerst\u00f6rte und w\u00e4hrend der deutschen Wiedervereinigung vollst\u00e4ndig wiederaufgebaute Kathedrale ist ein Symbol f\u00fcr Dresden und die verschiedenen Epochen der deutschen Geschichte. Selbst f\u00fcr jemanden, der nicht besonders religi\u00f6s ist, wirkte die Kirche sehr beruhigend und bot einen sehr einladenden und meditativen Raum f\u00fcr die politische Diskussion, wie ich es nicht erwartet hatte. W\u00e4hrend der Reise nahmen wir an mehreren Terminen teil, bei denen es um sehr \u00e4hnliche Anliegen und Fragen zur US-Politik ging. Dadurch war es uns m\u00f6glich, verschiedene Perspektiven zu h\u00f6ren und unser eigenes Verst\u00e4ndnis und unsere Meinung weiterzuentwickeln. Die Diskussion in der Frauenkirche empfand ich jedoch als am produktivsten. Eine weitere Begegnung, die mich sehr beeindruckt hat, war die F\u00fchrung durch ein Stasi-Gef\u00e4ngnis mit dem ehemaligen H\u00e4ftling Peter Keup. Als Zeitzeuge, der diesen Teil der Geschichte aus erster Hand miterlebt hat, vermittelte er eine so intime und eindringliche Erfahrung, wie ich sie mir nicht anders vorstellen kann. Es ist etwas anderes, \u00fcber Geschichte zu lesen, als von jemandem zu lernen, der sie aus erster Hand erlebt hat. Wenn man einem solchen Menschen gegen\u00fcbertritt, wird die Geschichte sehr viel realer. Besonders beeindruckt hat mich die Art und Weise, wie er dar\u00fcber sprach, wie das Gef\u00e4ngnis versuchte, seine Gefangenen zu brechen und zu desorientieren, und wie die Gefangenen untereinander versuchten, sich mit kleinen Gesten menschlicher Interaktion zu verst\u00e4ndigen. Peter ist ein so intelligenter und liebensw\u00fcrdiger Mensch, dass es schon ein H\u00f6hepunkt der Reise war, ihn zu treffen. Dieses Programm hat mir die M\u00f6glichkeit gegeben, so viele wunderbare, intelligente Menschen kennenzulernen. Ich habe pers\u00f6nliche und berufliche Kontakte gekn\u00fcpft, die ein Leben lang halten werden.<\/p><\/div><\/div>\t\t\t\t<\/div>\n\t\t\t\t<\/div>\n\t\t\t\t<div class=\"elementor-element elementor-element-1fcf5cf elementor-widget-divider--view-line elementor-widget elementor-widget-global elementor-global-17845 elementor-widget-divider\" data-id=\"1fcf5cf\" data-element_type=\"widget\" data-e-type=\"widget\" data-widget_type=\"divider.default\">\n\t\t\t\t<div class=\"elementor-widget-container\">\n\t\t\t\t\t\t\t<div class=\"elementor-divider\">\n\t\t\t<span class=\"elementor-divider-separator\">\n\t\t\t\t\t\t<\/span>\n\t\t<\/div>\n\t\t\t\t\t\t<\/div>\n\t\t\t\t<\/div>\n\t\t\t\t<div class=\"elementor-element elementor-element-4aaa48f elementor-position-right elementor-vertical-align-top elementor-widget elementor-widget-image-box\" data-id=\"4aaa48f\" data-element_type=\"widget\" data-e-type=\"widget\" data-widget_type=\"image-box.default\">\n\t\t\t\t<div class=\"elementor-widget-container\">\n\t\t\t\t\t<div class=\"elementor-image-box-wrapper\"><figure class=\"elementor-image-box-img\"><img loading=\"lazy\" decoding=\"async\" width=\"270\" height=\"352\" src=\"https:\/\/riasberlin.org\/wp-content\/uploads\/2025\/08\/Murti1.jpg\" class=\"attachment-full size-full wp-image-17881\" alt=\"Murti1\" srcset=\"https:\/\/riasberlin.org\/wp-content\/uploads\/2025\/08\/Murti1.jpg 270w, https:\/\/riasberlin.org\/wp-content\/uploads\/2025\/08\/Murti1-77x100.jpg 77w, https:\/\/riasberlin.org\/wp-content\/uploads\/2025\/08\/Murti1-9x12.jpg 9w\" sizes=\"(max-width: 270px) 100vw, 270px\" \/><\/figure><div class=\"elementor-image-box-content\"><h3 class=\"elementor-image-box-title\">Lola Murti, University of Georgia, Athens, Georgia <\/h3><p class=\"elementor-image-box-description\">Die Teilnahme am Studentenprogramm der RIAS Berlin Kommission war eine unvergessliche Erfahrung. Drei Wochen lang traf ich mich mit Journalisten, Politikern und Medienexperten aus ganz Deutschland. W\u00e4hrend des Programms gewann ich ein tieferes Verst\u00e4ndnis daf\u00fcr, wie das Land mit Politik, Medien und seiner komplexen Geschichte umgeht. Besonders bewegend war f\u00fcr mich ein Treffen mit Peter Keup, einem ehemaligen politischen Gefangenen, der uns durch ein Stasi-Gef\u00e4ngnis f\u00fchrte. Seine Geschichte war beeindruckend und erinnerte mich daran, wie wichtig der Zugang zu Informationen und Meinungsfreiheit ist. Als Journalistin half mir das, \u00fcber das Privileg und die Verantwortung nachzudenken, die mit der Berichterstattung einhergehen. Ich habe es auch sehr genossen, Studierende an Universit\u00e4ten in ganz Deutschland zu treffen und mich mit den anderen Programmteilnehmenden auszutauschen. Jeder von ihnen brachte andere Erfahrungen und Perspektiven mit. Die Gespr\u00e4che, die wir bei Treffen, im Zug und beim Abendessen f\u00fchrten, machten das gesamte Programm noch bedeutungsvoller. Es war beruhigend zu sehen, wie viele Gemeinsamkeiten wir als Studenten hatten, die gerade erst in den Journalismus einsteigen, und wie sehr sich alle daf\u00fcr einsetzen, die wichtigen Stories zu erz\u00e4hlen. Ich verlie\u00df das Programm mit einer neuen Perspektive auf den globalen Journalismus sowie mit einer neuen Gruppe von Freunden und Kollegen, die ich wirklich bewundere. Ich bin sehr dankbar, dass ich dabei sein durfte.<\/p><\/div><\/div>\t\t\t\t<\/div>\n\t\t\t\t<\/div>\n\t\t\t\t<div class=\"elementor-element elementor-element-67720c6 elementor-widget-divider--view-line elementor-widget elementor-widget-global elementor-global-17845 elementor-widget-divider\" data-id=\"67720c6\" data-element_type=\"widget\" data-e-type=\"widget\" data-widget_type=\"divider.default\">\n\t\t\t\t<div class=\"elementor-widget-container\">\n\t\t\t\t\t\t\t<div class=\"elementor-divider\">\n\t\t\t<span class=\"elementor-divider-separator\">\n\t\t\t\t\t\t<\/span>\n\t\t<\/div>\n\t\t\t\t\t\t<\/div>\n\t\t\t\t<\/div>\n\t\t\t\t<div class=\"elementor-element elementor-element-6c8a8e2 elementor-position-left elementor-vertical-align-top elementor-widget elementor-widget-image-box\" data-id=\"6c8a8e2\" data-element_type=\"widget\" data-e-type=\"widget\" data-widget_type=\"image-box.default\">\n\t\t\t\t<div class=\"elementor-widget-container\">\n\t\t\t\t\t<div class=\"elementor-image-box-wrapper\"><figure class=\"elementor-image-box-img\"><img loading=\"lazy\" decoding=\"async\" width=\"342\" height=\"282\" src=\"https:\/\/riasberlin.org\/wp-content\/uploads\/2025\/08\/Mizera.jpg\" class=\"attachment-full size-full wp-image-17879\" alt=\"Mizera\" srcset=\"https:\/\/riasberlin.org\/wp-content\/uploads\/2025\/08\/Mizera.jpg 342w, https:\/\/riasberlin.org\/wp-content\/uploads\/2025\/08\/Mizera-100x82.jpg 100w, https:\/\/riasberlin.org\/wp-content\/uploads\/2025\/08\/Mizera-15x12.jpg 15w\" sizes=\"(max-width: 342px) 100vw, 342px\" \/><\/figure><div class=\"elementor-image-box-content\"><h3 class=\"elementor-image-box-title\">Canyon Mizera, \u200b\u200bFolsom Lake College, Folsom, Kalifornien<\/h3><p class=\"elementor-image-box-description\">Meine Zeit im Rahmen des Studentenaustauschprogramms der RIAS Berlin Kommission war insgesamt gro\u00dfartig. RIAS hatte, soweit ich wei\u00df, seinen Sitz in Berlin, weshalb es wichtig war, die Geschichte des Kalten Krieges zu erfahren. Berlin war voller Kultur, die ich zuvor noch nie gesehen hatte, und voller Menschen, die die Herrschaft der Sowjetunion erlebt hatten. Das wurde auch w\u00e4hrend unserer Zeit in Teilen Ostdeutschlands, einschlie\u00dflich Sachsen und Th\u00fcringen, deutlich. Diese Regionen Deutschlands zu erleben, war f\u00fcr unser Programm sehr wichtig. Sie gaben uns einen Einblick in die Verh\u00e4ltnisse w\u00e4hrend des Kalten Krieges. Der Aufenthalt in St\u00e4dten wie Dresden und Erfurt zeigte den Kontrast zwischen schweren milit\u00e4rischen Operationen und dem kulturellen Leben. Erfurt hat viel Kultur und historische Architektur bewahrt, die inzwischen renoviert wurde, um sie f\u00fcr die Nachwelt zu erhalten. Der Besuch in Hamburg war ebenfalls ein sehr wichtiger Programmpunkt. Die Stadt zeigt, wie unterschiedlich die Kultur in Ost, West und Berlin ist. Der Journalismusunterricht war sehr interaktiv und es hat mir Spa\u00df gemacht, zu erfahren, wie andere Studierende Journalismus lernen. Ich denke, dass das Abendessen mit Journalisten eine der besten Lernerfahrungen f\u00fcr mich pers\u00f6nlich war.<\/p><\/div><\/div>\t\t\t\t<\/div>\n\t\t\t\t<\/div>\n\t\t\t\t\t<\/div>\n\t\t\t\t<\/div>\n\t\t\t\t<\/div>","protected":false},"excerpt":{"rendered":"<p>Hier sind die Erfahrungen von 11 amerikanischen Studierenden der Journalistik w\u00e4hrend eines dreiw\u00f6chigen Austauschprogramms der RIAS Berlin Kommission in Deutschland. Von Berlin bis Hamburg geben sie einzigartige Einblicke in die Journalistenausbildung, den kulturellen Austausch und den Aufbau von Kontakten zu deutschen Journalisten und Studierenden.<\/p>","protected":false},"author":34425,"featured_media":17854,"comment_status":"closed","ping_status":"closed","sticky":false,"template":"","format":"standard","meta":{"iawp_total_views":132,"footnotes":""},"categories":[638],"tags":[653,644,648,645,649,647,654,651,652,650,646,639,655],"class_list":["post-17853","post","type-post","status-publish","format-standard","has-post-thumbnail","hentry","category-fellowships-alumni-experiences","tag-american-students-in-germany","tag-berlin","tag-chemnitz","tag-dresden","tag-eisenach","tag-erfurt","tag-german-media","tag-hamburg","tag-journalism-fellowship","tag-leipzig","tag-magdeburg","tag-rias-berlin-commission","tag-transatlantic-exchange"],"_links":{"self":[{"href":"https:\/\/riasberlin.org\/de\/wp-json\/wp\/v2\/posts\/17853","targetHints":{"allow":["GET"]}}],"collection":[{"href":"https:\/\/riasberlin.org\/de\/wp-json\/wp\/v2\/posts"}],"about":[{"href":"https:\/\/riasberlin.org\/de\/wp-json\/wp\/v2\/types\/post"}],"author":[{"embeddable":true,"href":"https:\/\/riasberlin.org\/de\/wp-json\/wp\/v2\/users\/34425"}],"replies":[{"embeddable":true,"href":"https:\/\/riasberlin.org\/de\/wp-json\/wp\/v2\/comments?post=17853"}],"version-history":[{"count":31,"href":"https:\/\/riasberlin.org\/de\/wp-json\/wp\/v2\/posts\/17853\/revisions"}],"predecessor-version":[{"id":18608,"href":"https:\/\/riasberlin.org\/de\/wp-json\/wp\/v2\/posts\/17853\/revisions\/18608"}],"wp:featuredmedia":[{"embeddable":true,"href":"https:\/\/riasberlin.org\/de\/wp-json\/wp\/v2\/media\/17854"}],"wp:attachment":[{"href":"https:\/\/riasberlin.org\/de\/wp-json\/wp\/v2\/media?parent=17853"}],"wp:term":[{"taxonomy":"category","embeddable":true,"href":"https:\/\/riasberlin.org\/de\/wp-json\/wp\/v2\/categories?post=17853"},{"taxonomy":"post_tag","embeddable":true,"href":"https:\/\/riasberlin.org\/de\/wp-json\/wp\/v2\/tags?post=17853"}],"curies":[{"name":"wp","href":"https:\/\/api.w.org\/{rel}","templated":true}]}}