{"id":18433,"date":"2024-07-13T17:33:58","date_gmt":"2024-07-13T15:33:58","guid":{"rendered":"https:\/\/riasberlin.org\/?p=18433"},"modified":"2025-08-13T18:45:49","modified_gmt":"2025-08-13T16:45:49","slug":"amerikanische-journalisten-blicken-zuruck-auf-ein-unvergessliches-stipendium-der-ria-berlin-kommission-in-deutschland","status":"publish","type":"post","link":"https:\/\/riasberlin.org\/de\/american-journalists-reflect-on-a-memorable-rias-berlin-commission-fellowship-in-germany\/","title":{"rendered":"Amerikanische Journalisten blicken auf ein unvergessliches Austauschprogramm der RIAS Berlin Kommission in Deutschland zur\u00fcck"},"content":{"rendered":"<div data-elementor-type=\"wp-post\" data-elementor-id=\"18433\" class=\"elementor elementor-18433\" data-elementor-post-type=\"post\">\n\t\t\t\t<div data-particle_enable=\"false\" data-particle-mobile-disabled=\"false\" class=\"elementor-element elementor-element-0c54f45 e-flex e-con-boxed e-con e-parent\" data-id=\"0c54f45\" data-element_type=\"container\" data-e-type=\"container\" data-settings=\"{&quot;jet_parallax_layout_list&quot;:[]}\">\n\t\t\t\t\t<div class=\"e-con-inner\">\n\t\t\t\t<div class=\"elementor-element elementor-element-071276a elementor-widget elementor-widget-text-editor\" data-id=\"071276a\" data-element_type=\"widget\" data-e-type=\"widget\" data-widget_type=\"text-editor.default\">\n\t\t\t\t<div class=\"elementor-widget-container\">\n\t\t\t\t\t\t\t\t\t<div>\n<p>Diese Gruppe amerikanischer Journalisten hatte die einmalige Gelegenheit, an der Verleihung der RIAS Media Awards teilzunehmen, Julia Nawalnaja bei der Verleihung des DW Freedom of Speach Award dabei zu sein und die Holocaust-\u00dcberlebende Margot Friedl\u00e4nder pers\u00f6nlich zu treffen.<\/p>\n<\/div>\t\t\t\t\t\t\t\t<\/div>\n\t\t\t\t<\/div>\n\t\t\t\t<div class=\"elementor-element elementor-element-3eb15df elementor-position-left elementor-vertical-align-top elementor-widget elementor-widget-image-box\" data-id=\"3eb15df\" data-element_type=\"widget\" data-e-type=\"widget\" data-widget_type=\"image-box.default\">\n\t\t\t\t<div class=\"elementor-widget-container\">\n\t\t\t\t\t<div class=\"elementor-image-box-wrapper\"><figure class=\"elementor-image-box-img\"><img fetchpriority=\"high\" decoding=\"async\" width=\"354\" height=\"516\" src=\"https:\/\/riasberlin.org\/wp-content\/uploads\/2025\/08\/Amanda-Jackson.jpg\" class=\"attachment-full size-full wp-image-18435\" alt=\"Amanda Jackson\" srcset=\"https:\/\/riasberlin.org\/wp-content\/uploads\/2025\/08\/Amanda-Jackson.jpg 354w, https:\/\/riasberlin.org\/wp-content\/uploads\/2025\/08\/Amanda-Jackson-69x100.jpg 69w, https:\/\/riasberlin.org\/wp-content\/uploads\/2025\/08\/Amanda-Jackson-8x12.jpg 8w\" sizes=\"(max-width: 354px) 100vw, 354px\" \/><\/figure><div class=\"elementor-image-box-content\"><h3 class=\"elementor-image-box-title\">Amanda Jackson, CNN, Corpus Christi, Texas<\/h3><p class=\"elementor-image-box-description\">Das RIAS-Programm war f\u00fcr mich eine transformative Lernerfahrung. Im Gespr\u00e4ch mit verschiedenen Mediengruppen wurde deutlich, dass wir alle weltweit vor denselben Herausforderungen in unseren Redaktionen stehen. Wie erreichen wir neue und j\u00fcngere Zielgruppen? Wie k\u00f6nnen wir Desinformation bek\u00e4mpfen? Und wie k\u00f6nnen wir neue Technologien bzw. KI in unseren Redaktionen als Werkzeug einsetzen, ohne unsere Arbeit zu beeintr\u00e4chtigen? Au\u00dferhalb der Redaktionsr\u00e4ume h\u00f6rte ich einige der beeindruckendsten pers\u00f6nlichen Geschichten \u00fcber das eigene \u00dcberleben in der dunklen Geschichte Deutschlands, die mich sehr ber\u00fchrten. Diese Geschichten werden mich f\u00fcr immer begleiten. W\u00e4hrend der Wahlen in Europa zu sein, den parlamentarischen Prozess kennenzulernen und die Berichterstattung dazu zu verfolgen, war eine reale Lernerfahrung, die ich beim Lesen der Nachrichten in den USA niemals h\u00e4tte machen k\u00f6nnen. Ich freue mich darauf, mit den anderen amerikanischen Journalist:innen aus meiner Gruppe, in Kontakt zu bleiben, um uns gegenseitig zu unterst\u00fctzen und in der Medienbranche weiterzuwachsen. Zudem m\u00f6chte ich meine transatlantischen Beziehungen weiter ausbauen und dem US-amerikanischen Publikum mehr Informationen liefern. Ich bin RIAS f\u00fcr diese lebensver\u00e4ndernde Erfahrung f\u00fcr immer dankbar.\n\n<\/p><\/div><\/div>\t\t\t\t<\/div>\n\t\t\t\t<\/div>\n\t\t\t\t\t<\/div>\n\t\t\t\t<\/div>\n\t\t<div data-particle_enable=\"false\" data-particle-mobile-disabled=\"false\" class=\"elementor-element elementor-element-c870ff3 e-flex e-con-boxed e-con e-parent\" data-id=\"c870ff3\" data-element_type=\"container\" data-e-type=\"container\" data-settings=\"{&quot;jet_parallax_layout_list&quot;:[]}\">\n\t\t\t\t\t<div class=\"e-con-inner\">\n\t\t\t\t<div class=\"elementor-element elementor-element-46c7bf0 elementor-position-right elementor-vertical-align-top elementor-widget elementor-widget-image-box\" data-id=\"46c7bf0\" data-element_type=\"widget\" data-e-type=\"widget\" data-widget_type=\"image-box.default\">\n\t\t\t\t<div class=\"elementor-widget-container\">\n\t\t\t\t\t<div class=\"elementor-image-box-wrapper\"><figure class=\"elementor-image-box-img\"><img decoding=\"async\" width=\"354\" height=\"372\" src=\"https:\/\/riasberlin.org\/wp-content\/uploads\/2025\/08\/Caroline-Baxendale.jpg\" class=\"attachment-medium_large size-medium_large wp-image-18436\" alt=\"Caroline Baxendale\" srcset=\"https:\/\/riasberlin.org\/wp-content\/uploads\/2025\/08\/Caroline-Baxendale.jpg 354w, https:\/\/riasberlin.org\/wp-content\/uploads\/2025\/08\/Caroline-Baxendale-95x100.jpg 95w, https:\/\/riasberlin.org\/wp-content\/uploads\/2025\/08\/Caroline-Baxendale-11x12.jpg 11w\" sizes=\"(max-width: 354px) 100vw, 354px\" \/><\/figure><div class=\"elementor-image-box-content\"><h3 class=\"elementor-image-box-title\">Caroline Baxendale, CNN, Atlanta, Georgia<\/h3><p class=\"elementor-image-box-description\">Das RIAS-Berlin-Programm erwies sich als transatlantischer Austausch von Journalisten, Informationen und Ideen. Die Gespr\u00e4che mit Regierungsvertretern, Politikexperten, Historikern und weiteren Journalisten haben mein Verst\u00e4ndnis der Beziehungen zwischen den Vereinigten Staaten und Deutschland sowie ihrer internationalen Rolle ma\u00dfgeblich gepr\u00e4gt. Ich bin dankbar, dass mir das Programm eine Gemeinschaft intelligenter und talentierter Menschen n\u00e4hergebracht hat, die mich inspirieren, meinen Mitb\u00fcrgern weiterhin eine Stimme zu geben. Ich f\u00fchle mich gut auf die US-Wahlen vorbereitet und freue mich darauf, meine globale Perspektive im Herbst in der Redaktion umzusetzen. Zudem freue ich mich darauf, in naher Zukunft mit dem RIAS-Netzwerk zusammenzuarbeiten.<\/p><\/div><\/div>\t\t\t\t<\/div>\n\t\t\t\t<\/div>\n\t\t\t\t<div class=\"elementor-element elementor-element-d49179b elementor-position-left elementor-vertical-align-top elementor-widget elementor-widget-image-box\" data-id=\"d49179b\" data-element_type=\"widget\" data-e-type=\"widget\" data-widget_type=\"image-box.default\">\n\t\t\t\t<div class=\"elementor-widget-container\">\n\t\t\t\t\t<div class=\"elementor-image-box-wrapper\"><figure class=\"elementor-image-box-img\"><img decoding=\"async\" width=\"345\" height=\"421\" src=\"https:\/\/riasberlin.org\/wp-content\/uploads\/2025\/08\/Cooper-Seamer.jpg\" class=\"attachment-medium_large size-medium_large wp-image-18437\" alt=\"Cooper Seamer\" srcset=\"https:\/\/riasberlin.org\/wp-content\/uploads\/2025\/08\/Cooper-Seamer.jpg 345w, https:\/\/riasberlin.org\/wp-content\/uploads\/2025\/08\/Cooper-Seamer-82x100.jpg 82w, https:\/\/riasberlin.org\/wp-content\/uploads\/2025\/08\/Cooper-Seamer-10x12.jpg 10w\" sizes=\"(max-width: 345px) 100vw, 345px\" \/><\/figure><div class=\"elementor-image-box-content\"><h3 class=\"elementor-image-box-title\">Cooper Seamer, Dakota News Now, Sioux Falls, South Dakota<\/h3><p class=\"elementor-image-box-description\">Das RIAS Berlin Fellowship ist eine einmalige Erfahrung, die mich f\u00fcr den Rest meiner beruflichen Laufbahn begleiten wird. Die Begegnung und der Austausch mit so vielen hart arbeitenden Journalisten, die auf h\u00f6chstem Niveau arbeiten, haben mich inspiriert, diese Arbeitsmoral mit in die USA zu nehmen. In unserer immer vernetzteren Welt stehen wir hier in den USA vor vielen der gleichen Probleme, mit denen sich auch viele in Europa derzeit auseinandersetzen. Wir k\u00f6nnen nur davon profitieren, Das RIAS Berlin Journalistenprogamm ist eine einmalige Erfahrung, die ich f\u00fcr den Rest meiner beruflichen Laufbahn in Erinnerung behalten werde. Die Begegnung und der Austausch mit so vielen hart arbeitenden Journalisten, die ihre F\u00e4higkeiten voll aussch\u00f6pfen, haben mich inspiriert, diese Arbeitsethik mit zur\u00fcck in die Vereinigten Staaten zu nehmen. In unserer zunehmend vernetzten Welt stehen wir hier in den USA vor vielen der gleichen Probleme, mit denen sich derzeit auch viele Europ\u00e4er besch\u00e4ftigen, und wir k\u00f6nnen nur davon profitieren, wenn wir voneinander lernen, wie man Geschichten \u00fcber diese Themen aus unterschiedlichen Perspektiven schreibt und aufbaut. Die Begegnung mit Politikern, Aktivisten und Organisatoren, die die Gesellschaft verbessern wollen, hat mir dies ebenfalls verdeutlicht. Ich bin mit neuer Energie nach Hause zur\u00fcckgekehrt und kann es kaum erwarten, die gewonnenen Erkenntnisse in meine eigene Berichterstattung f\u00fcr unsere Zuschauer einflie\u00dfen zu lassen.<\/p><\/div><\/div>\t\t\t\t<\/div>\n\t\t\t\t<\/div>\n\t\t\t\t<div class=\"elementor-element elementor-element-afb141c elementor-position-right elementor-vertical-align-top elementor-widget elementor-widget-image-box\" data-id=\"afb141c\" data-element_type=\"widget\" data-e-type=\"widget\" data-widget_type=\"image-box.default\">\n\t\t\t\t<div class=\"elementor-widget-container\">\n\t\t\t\t\t<div class=\"elementor-image-box-wrapper\"><figure class=\"elementor-image-box-img\"><img loading=\"lazy\" decoding=\"async\" width=\"363\" height=\"391\" src=\"https:\/\/riasberlin.org\/wp-content\/uploads\/2025\/08\/Rachael-Myrow.jpg\" class=\"attachment-medium_large size-medium_large wp-image-18438\" alt=\"Rachael Myrow\" srcset=\"https:\/\/riasberlin.org\/wp-content\/uploads\/2025\/08\/Rachael-Myrow.jpg 363w, https:\/\/riasberlin.org\/wp-content\/uploads\/2025\/08\/Rachael-Myrow-93x100.jpg 93w, https:\/\/riasberlin.org\/wp-content\/uploads\/2025\/08\/Rachael-Myrow-11x12.jpg 11w\" sizes=\"(max-width: 363px) 100vw, 363px\" \/><\/figure><div class=\"elementor-image-box-content\"><h3 class=\"elementor-image-box-title\">Rachael Myrow, KQED, San Francisco, Kalifornien<\/h3><p class=\"elementor-image-box-description\">Ich war bereits aus privaten und beruflichen Gr\u00fcnden in Deutschland, wusste aber nicht genau, was mich in den zwei Wochen mit RIAS in Deutschland und Belgien erwarten w\u00fcrde. Ich freue mich, berichten zu k\u00f6nnen, dass ich durch die Gespr\u00e4che mit Journalisten, Aktivisten, Diplomaten, K\u00fcnstlern, Historikern und Autoren, von denen einige sehr leidenschaftlich aus eigener Erfahrung berichteten, einen breiteren und tieferen Einblick in die oft traumatische Geschichte Europas und die m\u00f6gliche Zukunft der Region gewonnen habe. Ein zus\u00e4tzlicher Bonus: Ich habe eine Gruppe dynamischer, aufstrebender Journalisten aus vielen Teilen der USA kennengelernt. Ich habe das Gef\u00fchl, dass wir alle mit echter Dankbarkeit f\u00fcreinander sowie f\u00fcr die kreative F\u00fchrung und Scharfsinnigkeit von Christoph Jumpelt, Christina Reif und Pam Ortega nach Hause gegangen sind. Bravo, vielen Dank, und ich freue mich darauf, in den kommenden Jahren ein aktives Mitglied der RIAS-Alumni-Netzwerks zu sein.<\/p><\/div><\/div>\t\t\t\t<\/div>\n\t\t\t\t<\/div>\n\t\t\t\t<div class=\"elementor-element elementor-element-9825525 elementor-position-left elementor-vertical-align-top elementor-widget elementor-widget-image-box\" data-id=\"9825525\" data-element_type=\"widget\" data-e-type=\"widget\" data-widget_type=\"image-box.default\">\n\t\t\t\t<div class=\"elementor-widget-container\">\n\t\t\t\t\t<div class=\"elementor-image-box-wrapper\"><figure class=\"elementor-image-box-img\"><img loading=\"lazy\" decoding=\"async\" width=\"360\" height=\"369\" src=\"https:\/\/riasberlin.org\/wp-content\/uploads\/2025\/08\/Josh-Gorbutt.jpg\" class=\"attachment-medium_large size-medium_large wp-image-18439\" alt=\"Josh Gorbutt\" srcset=\"https:\/\/riasberlin.org\/wp-content\/uploads\/2025\/08\/Josh-Gorbutt.jpg 360w, https:\/\/riasberlin.org\/wp-content\/uploads\/2025\/08\/Josh-Gorbutt-98x100.jpg 98w, https:\/\/riasberlin.org\/wp-content\/uploads\/2025\/08\/Josh-Gorbutt-12x12.jpg 12w\" sizes=\"(max-width: 360px) 100vw, 360px\" \/><\/figure><div class=\"elementor-image-box-content\"><h3 class=\"elementor-image-box-title\">Josh Gorbutt, KBTX, Bryan-College Station, Texas<\/h3><p class=\"elementor-image-box-description\">Als ich das RIAS-Berlin- Programm begann, wusste ich, dass mir eine au\u00dfergew\u00f6hnliche Chance geboten wurde. Ich h\u00e4tte mir jedoch nicht vorstellen k\u00f6nnen, wie viel Wissen und Erfahrung ich in nur wenigen Wochen sammeln und welche lebenslangen Beziehungen ich mit nach Hause nehmen w\u00fcrde. Wir erhielten eine Masterclass in transatlantischen Beziehungen, eine einzigartige Perspektive auf globale Themen und eine neue F\u00e4higkeit, unser Publikum zu informieren. Es war eine Erfahrung, die ich nur w\u00e4rmstens empfehlen kann!<\/p><\/div><\/div>\t\t\t\t<\/div>\n\t\t\t\t<\/div>\n\t\t\t\t<div class=\"elementor-element elementor-element-0913266 elementor-position-right elementor-vertical-align-top elementor-widget elementor-widget-image-box\" data-id=\"0913266\" data-element_type=\"widget\" data-e-type=\"widget\" data-widget_type=\"image-box.default\">\n\t\t\t\t<div class=\"elementor-widget-container\">\n\t\t\t\t\t<div class=\"elementor-image-box-wrapper\"><figure class=\"elementor-image-box-img\"><img loading=\"lazy\" decoding=\"async\" width=\"369\" height=\"440\" src=\"https:\/\/riasberlin.org\/wp-content\/uploads\/2025\/08\/Erica-Hernandez.png\" class=\"attachment-medium_large size-medium_large wp-image-18440\" alt=\"Erica Hernandez\" srcset=\"https:\/\/riasberlin.org\/wp-content\/uploads\/2025\/08\/Erica-Hernandez.png 369w, https:\/\/riasberlin.org\/wp-content\/uploads\/2025\/08\/Erica-Hernandez-84x100.png 84w, https:\/\/riasberlin.org\/wp-content\/uploads\/2025\/08\/Erica-Hernandez-10x12.png 10w\" sizes=\"(max-width: 369px) 100vw, 369px\" \/><\/figure><div class=\"elementor-image-box-content\"><h3 class=\"elementor-image-box-title\">Erica Hernandez, CNN, Atlanta, Georgia<\/h3><p class=\"elementor-image-box-description\">Als Journalist bin ich normalerweise nicht um Worte verlegen. Doch die Bedeutung des RIAS-Berlin-Programms in Worte zu fassen, f\u00e4llt mir schwer. Es gibt so viel zu sagen dar\u00fcber, wie dieses Programm meinen Horizont erweitert hat. Es ist unm\u00f6glich, nur einen H\u00f6hepunkt aus dem vollgepackten Programm auszuw\u00e4hlen, an dem wir teilnehmen durften. Was mir immer wieder in den Sinn kommt, ist, wie viele Geschichten wir aus erster Hand geh\u00f6rt haben. Wir trafen unter anderem eine Holocaust-\u00dcberlebende, einen ehemaligen politischen Gefangenen, ein Mitglied des Bundestages, Pressevertreter und andere Pers\u00f6nlichkeiten des \u00f6ffentlichen Lebens. Wir hatten die Ehre, deutsche Journalisten kennenzulernen und festzustellen, dass wir mehr gemeinsam hatten als erwartet. Ich bin unendlich dankbar f\u00fcr die M\u00f6glichkeit der Weiterbildung. Ich wei\u00df, dass ich dies als Teil des wunderbaren RIAS-Alumni-Netzwerks auch weiterhin tun werde. <\/p><\/div><\/div>\t\t\t\t<\/div>\n\t\t\t\t<\/div>\n\t\t\t\t<div class=\"elementor-element elementor-element-e81fc75 elementor-position-left elementor-vertical-align-top elementor-widget elementor-widget-image-box\" data-id=\"e81fc75\" data-element_type=\"widget\" data-e-type=\"widget\" data-widget_type=\"image-box.default\">\n\t\t\t\t<div class=\"elementor-widget-container\">\n\t\t\t\t\t<div class=\"elementor-image-box-wrapper\"><figure class=\"elementor-image-box-img\"><img loading=\"lazy\" decoding=\"async\" width=\"369\" height=\"369\" src=\"https:\/\/riasberlin.org\/wp-content\/uploads\/2025\/08\/Lakshmi-Eassey.jpg\" class=\"attachment-medium_large size-medium_large wp-image-18441\" alt=\"Lakshmi Eassey\" srcset=\"https:\/\/riasberlin.org\/wp-content\/uploads\/2025\/08\/Lakshmi-Eassey.jpg 369w, https:\/\/riasberlin.org\/wp-content\/uploads\/2025\/08\/Lakshmi-Eassey-100x100.jpg 100w, https:\/\/riasberlin.org\/wp-content\/uploads\/2025\/08\/Lakshmi-Eassey-12x12.jpg 12w\" sizes=\"(max-width: 369px) 100vw, 369px\" \/><\/figure><div class=\"elementor-image-box-content\"><h3 class=\"elementor-image-box-title\">Lakshmi Eassey, KQED, San Francisco, Kalifornien<\/h3><p class=\"elementor-image-box-description\">Meine Zeit bei RIAS war voller H\u00f6hepunkte \u2013 ich habe von Kani Alavi erfahren, wie er die Berliner Mauer bemalt und die East Side Gallery gegr\u00fcndet hat, bin mit Peter Keup durch ein ehemaliges Stasi-Gef\u00e4ngnis gegangen und habe verschiedene deutsche Redaktionen besucht, um zu erfahren, wie sie \u00fcber den Umgang mit Nachrichten und Medien denken und damit experimentieren. Die Teilnahme an der Verleihung des DW Freedom of Speech Awards, das Treffen mit der Holocaust-\u00dcberlebenden Margot Friedlander und die gemeinsamen Reisen mit einer Gruppe US-amerikanischer Journalisten waren ebenfalls einzigartige und wertvolle Lernerfahrungen. Ich bin dankbar, dass ich an diesem Programm teilnehmen durfte, und freue mich darauf, Story-Ideen zu verfolgen, die verschiedene Aspekte der transatlantischen Beziehungen aus kalifornischer Perspektive beleuchten.<\/p><\/div><\/div>\t\t\t\t<\/div>\n\t\t\t\t<\/div>\n\t\t\t\t<div class=\"elementor-element elementor-element-9410468 elementor-position-right elementor-vertical-align-top elementor-widget elementor-widget-image-box\" data-id=\"9410468\" data-element_type=\"widget\" data-e-type=\"widget\" data-widget_type=\"image-box.default\">\n\t\t\t\t<div class=\"elementor-widget-container\">\n\t\t\t\t\t<div class=\"elementor-image-box-wrapper\"><figure class=\"elementor-image-box-img\"><img loading=\"lazy\" decoding=\"async\" width=\"369\" height=\"436\" src=\"https:\/\/riasberlin.org\/wp-content\/uploads\/2025\/08\/Wilton-Jackson.jpg\" class=\"attachment-medium_large size-medium_large wp-image-18442\" alt=\"Wilton Jackson\" srcset=\"https:\/\/riasberlin.org\/wp-content\/uploads\/2025\/08\/Wilton-Jackson.jpg 369w, https:\/\/riasberlin.org\/wp-content\/uploads\/2025\/08\/Wilton-Jackson-85x100.jpg 85w, https:\/\/riasberlin.org\/wp-content\/uploads\/2025\/08\/Wilton-Jackson-10x12.jpg 10w\" sizes=\"(max-width: 369px) 100vw, 369px\" \/><\/figure><div class=\"elementor-image-box-content\"><h3 class=\"elementor-image-box-title\">Wilton Jackson, Jackson State University, Jackson, Mississippi<\/h3><p class=\"elementor-image-box-description\">Bevor ich f\u00fcr das RIAS-Programm ausgew\u00e4hlt wurde, h\u00e4tte ich mir nie vorgestellt, wie eine Reise nach Europa sein w\u00fcrde, noch h\u00e4tte ich geglaubt, dass meine erste Europaerfahrung mit einer einmaligen Gelegenheit verbunden sein w\u00fcrde. Als Hochschulprofessor und Sportreporter, der seine journalistische Karriere mit harten Nachrichten begann, gab mir RIAS die M\u00f6glichkeit, meine Komfortzone zu verlassen, neue Kulturen kennenzulernen und meinen Blick auf globale Angelegenheiten, insbesondere in Bezug auf Deutschland, zu erweitern. Ich hatte die Gelegenheit, die \u00c4hnlichkeiten und Kontraste zwischen der US-amerikanischen und europ\u00e4ischen Regierung\/den Beziehungen (z. B. Wahlen, Abstimmungen, der Kampf um Pressefreiheit, Einwanderung, Fehlinformationen, Klima und die kontinuierliche Nutzung\/St\u00f6rung von Social-Media-Plattformen) aus erster Hand kennenzulernen und zu erfahren, wie Journalisten \u2013 und die Medien im Allgemeinen \u2013 Nachrichten zu internationalen Themen vermitteln und liefern, die oft komplex sind und viel Hintergrundrecherche erfordern. Sport ist ein wichtiger Teil des t\u00e4glichen Nachrichtengef\u00fcges der Gesellschaft und geht \u00fcber den Wettbewerb hinaus, der in seinen jeweiligen Bereichen stattfindet. Ein Bevor ich f\u00fcr das RIAS-Programm ausgew\u00e4hlt wurde, h\u00e4tte ich mir nie vorstellen k\u00f6nnen, wie eine Reise nach Europa aussehen w\u00fcrde. Ich h\u00e4tte auch nie gedacht, dass meine erste Europa-Erfahrung mit einer solch einmaligen Chance verbunden sein w\u00fcrde. Als Hochschulprofessor und Sportreporter, der seine journalistische Karriere im Bereich der Hard News begonnen hat, bot mir das RIAS-Programm die M\u00f6glichkeit, meine Komfortzone zu verlassen, neue Kulturen kennenzulernen und meine Perspektive auf globale Themen, insbesondere im Hinblick auf Deutschland und Belgien, zu erweitern. Ich konnte die Gemeinsamkeiten und Unterschiede zwischen den USA und Europa in Bezug auf Regierung und Politik aus erster Hand erleben, beispielsweise Wahlen, Abstimmungen, den Kampf um Pressefreiheit, Einwanderung, Desinformation, Klima und die kontinuierliche Nutzung bzw. St\u00f6rung von Social-Media-Plattformen. Zudem erfuhr ich, wie Journalisten und die Medien im Allgemeinen Nachrichten zu internationalen Themen vermitteln und verbreiten, die oft komplex sind und umfangreiche Hintergrundrecherchen erfordern. Sport ist ein wichtiger Bestandteil der t\u00e4glichen Nachrichtenberichterstattung und geht \u00fcber den Wettkampf an den jeweiligen Veranstaltungsorten hinaus. Ein Programm wie RIAS, das exklusiven Zugang zu vertraulichen Gespr\u00e4chen mit hochrangigen deutschen, US-amerikanischen und anderen internationalen Diplomaten, F\u00fchrungskr\u00e4ften, Journalisten und Historikern bietet, verschaffte mir einen besseren \u00dcberblick \u00fcber die Beziehungen zwischen den USA und den europ\u00e4ischen Nationen. Zudem zeigte es mir M\u00f6glichkeiten auf, wie ich dieses Wissen nutzen kann, um meine journalistischen F\u00e4higkeiten zu verbessern. Ich bin RIAS und insbesondere Christoph Jumpelt, Christina Reif und Pam Ortega f\u00fcr ihre Unterst\u00fctzung sehr dankbar.<\/p><\/div><\/div>\t\t\t\t<\/div>\n\t\t\t\t<\/div>\n\t\t\t\t\t<\/div>\n\t\t\t\t<\/div>\n\t\t\t\t<\/div>","protected":false},"excerpt":{"rendered":"<p>Diese Gruppe amerikanischer Journalisten hatte die seltene Gelegenheit, an der Verleihung der RIAS Media Awards teilzunehmen, die Verleihung des DWFreedom of Speach. Award an Julia Nawalnaja mitzuerleben und Margot Friedl\u00e4nder pers\u00f6nlich zu treffen.<\/p>","protected":false},"author":34425,"featured_media":18431,"comment_status":"closed","ping_status":"closed","sticky":false,"template":"","format":"standard","meta":{"iawp_total_views":52,"footnotes":""},"categories":[638,10],"tags":[641,644,699,650,643,639,655],"class_list":["post-18433","post","type-post","status-publish","format-standard","has-post-thumbnail","hentry","category-fellowships-alumni-experiences","category-home","tag-american-journalists","tag-berlin","tag-cologne","tag-leipzig","tag-press-freedom","tag-rias-berlin-commission","tag-transatlantic-exchange"],"_links":{"self":[{"href":"https:\/\/riasberlin.org\/de\/wp-json\/wp\/v2\/posts\/18433","targetHints":{"allow":["GET"]}}],"collection":[{"href":"https:\/\/riasberlin.org\/de\/wp-json\/wp\/v2\/posts"}],"about":[{"href":"https:\/\/riasberlin.org\/de\/wp-json\/wp\/v2\/types\/post"}],"author":[{"embeddable":true,"href":"https:\/\/riasberlin.org\/de\/wp-json\/wp\/v2\/users\/34425"}],"replies":[{"embeddable":true,"href":"https:\/\/riasberlin.org\/de\/wp-json\/wp\/v2\/comments?post=18433"}],"version-history":[{"count":9,"href":"https:\/\/riasberlin.org\/de\/wp-json\/wp\/v2\/posts\/18433\/revisions"}],"predecessor-version":[{"id":18497,"href":"https:\/\/riasberlin.org\/de\/wp-json\/wp\/v2\/posts\/18433\/revisions\/18497"}],"wp:featuredmedia":[{"embeddable":true,"href":"https:\/\/riasberlin.org\/de\/wp-json\/wp\/v2\/media\/18431"}],"wp:attachment":[{"href":"https:\/\/riasberlin.org\/de\/wp-json\/wp\/v2\/media?parent=18433"}],"wp:term":[{"taxonomy":"category","embeddable":true,"href":"https:\/\/riasberlin.org\/de\/wp-json\/wp\/v2\/categories?post=18433"},{"taxonomy":"post_tag","embeddable":true,"href":"https:\/\/riasberlin.org\/de\/wp-json\/wp\/v2\/tags?post=18433"}],"curies":[{"name":"wp","href":"https:\/\/api.w.org\/{rel}","templated":true}]}}